{"id":3913,"date":"2019-04-08T12:00:53","date_gmt":"2019-04-08T11:00:53","guid":{"rendered":"http:\/\/www.yabasta.cz\/klimas\/?p=3913"},"modified":"2019-11-16T19:07:38","modified_gmt":"2019-11-16T18:07:38","slug":"expedice-ceska-hranice-jablunkov-opava-ostravsko-5-4-8-4-2019","status":"publish","type":"post","link":"https:\/\/www.yabasta.cz\/klimas\/expedice-ceska-hranice-jablunkov-opava-ostravsko-5-4-8-4-2019\/","title":{"rendered":"Expedice \u010desk\u00e1 hranice, Jablunkov \u2013 Opava (Ostravsko)"},"content":{"rendered":"\n<p>5.4.-8.4.2019 | 126 km<\/p>\n\n\n\n<blockquote class=\"wp-block-quote is-layout-flow wp-block-quote-is-layout-flow\"><p>Krajem mlok\u016f, bobr\u016f i \u010d\u00e1pa. A hlavn\u011b Pol\u00e1k\u016f..<\/p><\/blockquote>\n\n\n\n<p>Prvn\u00ed den n\u00e1s p\u0159ekvap\u00ed n\u00e1\u0161 le\u017e\u00e9rn\u00ed opravdov\u00fd start po \u0161\u0165astn\u00e9m shled\u00e1n\u00ed na n\u00e1dra\u017e\u00ed, tam kde jsme p\u0159ed rokem a p\u016fl skon\u010dili. Druh\u00fd den n\u00e1s nejd\u0159\u00edv p\u0159ekvap\u00ed nepolevuj\u00edc\u00ed stoup\u00e1n\u00ed a\u017e na Velkou \u010cantoryji, pak stovky \u00fa\u010dastn\u00edk\u016f ultra-trailu (50 km, 2x nahoru a dol\u016f), v druh\u00e9 polovi\u010dce dne pak nepolevuj\u00edc\u00ed d\u00e9\u0161\u0165. Napo\u010d\u00edt\u00e1me 11! mlok\u016f, obdivujeme T\u0159ineck\u00e9 \u017eelez\u00e1rny, bobry ohlodan\u00e9 stromy, v\u0161ude poctiv\u011b udr\u017eovan\u00e9 tr\u00e1vn\u00edky, masivn\u00ed v\u00fdstavbu nov\u00fdch rodinn\u00fdch dom\u016f. Trasa po \u010cantoryji je ploch\u00e1, postup rychl\u00fd a b\u0159\u00ed\u0161ka chodidel bolav\u00e1, a\u017e skoro vzpom\u00edn\u00e1me na p\u00edse\u0148 Ps\u00edch voj\u00e1k\u016f &#8222;\u017diletky na t\u011ble, \u017eiletky v t\u011ble..&#8220; 120 km b\u011bhem 3 dn\u016f, tj. 3x \u010dty\u0159ic\u00edtka po sob\u011b, to je nov\u00fd expedi\u010dn\u00ed rekord. Shodli jsme se, \u017ee p\u0159\u00ed\u0161t\u011b zkus\u00edme zase n\u011bco jin\u00e9ho, t\u0159eba 3&#215;25? P\u0159ekra\u010dujeme Odru a alespo\u0148 pomysln\u011b, symbolicky pokl\u00e1d\u00e1me trhavinu Semtex do poklop\u016f mostu, pro znemo\u017en\u011bn\u00ed megalomansk\u00e9ho projektu mocip\u00e1na, Odra-Labe. Kryc\u00ed jm\u00e9no diverzantsk\u00e9 akce je &#8222;Ovar&#8220;. Jamal n\u00e1m v\u0161em dobrosrde\u010dn\u011b nab\u00edz\u00ed tu kok\u00edno, tu pi\u0161ingr nebo lahvinku, abychom se n\u00e1sledn\u011b dozv\u011bd\u011bli, \u017ee m\u00e1 nejsp\u00ed\u0161 salmonelu a vol\u00ed d\u0159\u00edv\u011bj\u0161\u00ed exit dom\u016f. S B\u00f3\u010dou nikdo nechce hr\u00e1t hru na tipov\u00e1n\u00ed (vzd\u00e1lenost, nastoupan\u00e9 metry, \u010das,&#8230;), v\u0161echno toti\u017e vy\u017eere s p\u0159esnost\u00ed na 1 m, 1 pol\u00e1ka, 1 mloka apod.. Rad\u011bji simuluje \u00fa\u017eeh, ale pozd\u011b, tj. s Jamalem ji\u017e nem\u016f\u017ee a mus\u00ed s n\u00e1mi do\u0161lapat za tmy a\u017e do Opavy. D\u017earda neuv\u011b\u0159iteln\u011b dr\u017e\u00ed tempo, mor\u00e1lku i trasu! Na konci si ji\u017e ka\u017edop\u00e1dn\u011b p\u00edsni\u010dku nahlas netroufnu zazp\u00edvat (zp\u00edv\u00e1me si ji toti\u017e pro sv\u00e1 chodidla potichu v\u0161ichni..) A v\u0161ichni &#8222;\u017diletky na t\u011ble, \u017eiletky v t\u011ble, \u017eiletky m\u00fd baletky,&#8230; ,&#8230; .<\/p>\n\n\n<div style=\"width: 525px;\" class=\"wp-video\"><video class=\"wp-video-shortcode\" id=\"video-3913-1\" width=\"525\" height=\"295\" preload=\"metadata\" controls=\"controls\"><source type=\"video\/mp4\" src=\"https:\/\/www.yabasta.cz\/klimas\/wp-content\/uploads\/2019\/04\/ostravsko-trasa2019-04-09-23.43.22.mp4?_=1\" \/><a href=\"https:\/\/www.yabasta.cz\/klimas\/wp-content\/uploads\/2019\/04\/ostravsko-trasa2019-04-09-23.43.22.mp4\">https:\/\/www.yabasta.cz\/klimas\/wp-content\/uploads\/2019\/04\/ostravsko-trasa2019-04-09-23.43.22.mp4<\/a><\/video><\/div>\n\n\n\n<p><em>Video automaticky generov\u00e1no, na \u00fadaje o rychlosti nehle\u010fte \ud83d\ude09<\/em><\/p>\n\n\n\n<p>D\u00edky a p\u0159\u00ed\u0161t\u011b nashle!<\/p>\n\n\n\n<ul class=\"wp-block-list\"><li>u\u0161l\u00e1 vzd\u00e1lenost: 126 km (v\u010d. zach\u00e1zek k ob\u010derstvovn\u00e1m, zach\u00e1zek ke ke\u0161k\u00e1m (21 m k jedn\u00e9), zkratek<\/li><li>nastoup\u00e1no&nbsp;1.988 m<\/li><li>base weight batohu 6.66 g v\u010d. paliva a j\u00eddla + 940 g Nikon D70<\/li><\/ul>\n\n\nngg_shortcode_0_placeholder\n","protected":false},"excerpt":{"rendered":"<p>5.4.-8.4.2019 | 126 km Krajem mlok\u016f, bobr\u016f i \u010d\u00e1pa. A hlavn\u011b Pol\u00e1k\u016f.. Prvn\u00ed den n\u00e1s p\u0159ekvap\u00ed n\u00e1\u0161 le\u017e\u00e9rn\u00ed opravdov\u00fd start po \u0161\u0165astn\u00e9m shled\u00e1n\u00ed na n\u00e1dra\u017e\u00ed, tam kde jsme p\u0159ed rokem a p\u016fl skon\u010dili. Druh\u00fd den n\u00e1s nejd\u0159\u00edv p\u0159ekvap\u00ed nepolevuj\u00edc\u00ed stoup\u00e1n\u00ed a\u017e na Velkou \u010cantoryji, pak stovky \u00fa\u010dastn\u00edk\u016f ultra-trailu (50 km, 2x nahoru a dol\u016f), v &hellip; <\/p>\n<p class=\"link-more\"><a href=\"https:\/\/www.yabasta.cz\/klimas\/expedice-ceska-hranice-jablunkov-opava-ostravsko-5-4-8-4-2019\/\" class=\"more-link\">Pokra\u010dovat ve \u010dten\u00ed<span class=\"screen-reader-text\"> &#8222;Expedice \u010desk\u00e1 hranice, Jablunkov \u2013 Opava (Ostravsko)&#8220;<\/span><\/a><\/p>\n","protected":false},"author":1,"featured_media":3912,"comment_status":"open","ping_status":"open","sticky":false,"template":"","format":"standard","meta":{"_acf_changed":false,"ngg_post_thumbnail":0,"footnotes":""},"categories":[177],"tags":[147,148,41,149,146,89,150,100,90],"class_list":["post-3913","post","type-post","status-publish","format-standard","has-post-thumbnail","hentry","category-expedice-ceska-hranice","tag-bobr","tag-cap","tag-cundr","tag-hranice","tag-mlok","tag-pod-sirakem","tag-polsko","tag-trail","tag-trek"],"acf":[],"_links":{"self":[{"href":"https:\/\/www.yabasta.cz\/klimas\/wp-json\/wp\/v2\/posts\/3913","targetHints":{"allow":["GET"]}}],"collection":[{"href":"https:\/\/www.yabasta.cz\/klimas\/wp-json\/wp\/v2\/posts"}],"about":[{"href":"https:\/\/www.yabasta.cz\/klimas\/wp-json\/wp\/v2\/types\/post"}],"author":[{"embeddable":true,"href":"https:\/\/www.yabasta.cz\/klimas\/wp-json\/wp\/v2\/users\/1"}],"replies":[{"embeddable":true,"href":"https:\/\/www.yabasta.cz\/klimas\/wp-json\/wp\/v2\/comments?post=3913"}],"version-history":[{"count":4,"href":"https:\/\/www.yabasta.cz\/klimas\/wp-json\/wp\/v2\/posts\/3913\/revisions"}],"predecessor-version":[{"id":4783,"href":"https:\/\/www.yabasta.cz\/klimas\/wp-json\/wp\/v2\/posts\/3913\/revisions\/4783"}],"wp:featuredmedia":[{"embeddable":true,"href":"https:\/\/www.yabasta.cz\/klimas\/wp-json\/wp\/v2\/media\/3912"}],"wp:attachment":[{"href":"https:\/\/www.yabasta.cz\/klimas\/wp-json\/wp\/v2\/media?parent=3913"}],"wp:term":[{"taxonomy":"category","embeddable":true,"href":"https:\/\/www.yabasta.cz\/klimas\/wp-json\/wp\/v2\/categories?post=3913"},{"taxonomy":"post_tag","embeddable":true,"href":"https:\/\/www.yabasta.cz\/klimas\/wp-json\/wp\/v2\/tags?post=3913"}],"curies":[{"name":"wp","href":"https:\/\/api.w.org\/{rel}","templated":true}]}}