{"id":6592,"date":"2021-07-02T21:22:12","date_gmt":"2021-07-02T20:22:12","guid":{"rendered":"https:\/\/www.yabasta.cz\/klimas\/?p=6592"},"modified":"2021-10-06T15:37:43","modified_gmt":"2021-10-06T14:37:43","slug":"stezka-podel-luznice","status":"publish","type":"post","link":"https:\/\/www.yabasta.cz\/klimas\/stezka-podel-luznice\/","title":{"rendered":"Stezka pod\u00e9l Lu\u017enice"},"content":{"rendered":"\n<p>Modern\u00ed d\u00e1lkov\u00e1 stezka, 230 km dlouh\u00e1 trasa, stezka, po kter\u00e9 se slehla zem..<\/p>\n\n\n\n<p><em>&#8222;Projekt modern\u00ed d\u00e1lkov\u00e9 p\u011b\u0161\u00ed turistick\u00e9 trasy \u201eStezka pod\u00e9l Lu\u017enice n\u00e1s spojuje\u201c vznikl jako v\u00fdsledek \u010desko-rakousk\u00e9 spolupr\u00e1ce.<\/em><\/p>\n\n\n\n<p><em>Trasa je dlouh\u00e1 230 km, vede pod\u00e9l \u0159eky Lu\u017enice od pramene u rakousk\u00e9 obce Karlstift p\u0159es m\u011bsta Weitra, Gm\u00fcnd a Litschau, p\u0159ekro\u010d\u00ed hranice do \u010cesk\u00e9 republiky u Chlumu u T\u0159ebon\u011b, na T\u0159ebo\u0148sku se rozd\u011bl\u00ed na dv\u011b v\u011btve (pod\u00e9l Star\u00e9 \u0159eky a pod\u00e9l Nov\u00e9 \u0159eky), kter\u00e9 se op\u011bt spoj\u00ed ve Vesel\u00ed nad Lu\u017enic\u00ed. Ze Sob\u011bslavi trasa odbo\u010duje na v\u00fdhledov\u00fd bod Choustn\u00edk a vrac\u00ed se k \u0159ece v Sezimov\u011b \u00dast\u00ed, aby p\u0159es T\u00e1bor a Bechyni do\u0161la a\u017e k \u00fast\u00ed Lu\u017enice do Vltavy. Stezka m\u00e1 velmi dobrou infrastrukturu v oblasti ubytov\u00e1n\u00ed, stravov\u00e1n\u00ed a ve\u0159ejn\u00e9 dopravy.<\/em><\/p>\n\n\n\n<p><em>Podrobn\u00e9 informace, pr\u016fvodce, mapy naleznete na webov\u00fdch str\u00e1nk\u00e1ch&nbsp;<a rel=\"noreferrer noopener\" href=\"https:\/\/www.stezkapodelluznice.cz\/cs\" target=\"_blank\">https:\/\/www.stezkapodelluznice.cz\/cs<\/a>&#8222;<\/em><\/p>\n\n\n\n<p>Tolik prav\u00ed jeden z m\u00e1la web\u016f, kter\u00fd o t\u00e9to zaj\u00edmav\u00e9 trase je\u0161t\u011b horko t\u011b\u017eko najdete, jinak v\u0161echny stopy miz\u00ed.. Ofici\u00e1ln\u00ed web t\u00e9\u017e, ani zm\u00ednka pro\u010d, nebo co s n\u00edm bude.. Asi do\u0161ly dotace a tak u\u017e se tento v\u00fdsledek \u010desko-rakousk\u00e9 spolupr\u00e1ce nehod\u00ed?<\/p>\n\n\n\n<figure class=\"wp-block-image size-large\"><img loading=\"lazy\" decoding=\"async\" width=\"320\" height=\"160\" src=\"https:\/\/www.yabasta.cz\/klimas\/wp-content\/uploads\/2021\/07\/stezka-podel-luznice-vybudovani-s.jpg\" alt=\"\" class=\"wp-image-6640\" srcset=\"https:\/\/www.yabasta.cz\/klimas\/wp-content\/uploads\/2021\/07\/stezka-podel-luznice-vybudovani-s.jpg 320w, https:\/\/www.yabasta.cz\/klimas\/wp-content\/uploads\/2021\/07\/stezka-podel-luznice-vybudovani-s-220x110.jpg 220w\" sizes=\"auto, (max-width: 320px) 100vw, 320px\" \/><\/figure>\n\n\n\n<p>Pro\u010d si tam nedaj\u00ed p\u0159esm\u011brov\u00e1n\u00ed alespo\u0148 na K\u010cT eshop, kde prod\u00e1vaj\u00ed ti\u0161t\u011bn\u00e9 pr\u016fvodce?<\/p>\n\n\n\n<p>N\u00e1m se trasa ka\u017edop\u00e1dn\u011b velmi l\u00edbila a absolvovali jsme ji etapov\u011b, na kolech a i s mal\u00fdmi d\u011btmi (4 a 6 a\u017e v pr\u016fb\u011bhu dal\u0161\u00edch let 6 a\u017e 8 let) jsme si ji moc u\u017eili. \u00davodn\u00ed rakousk\u00e9 etapy n\u00e1m nab\u00eddly p\u0159\u00edrodu prakticky &#8222;pro sebe&#8220; a to i ve dnech, kdy byly v\u0161echny ty &#8222;Modravy a Lipna&#8220; pr\u00fd p\u0159epln\u011bn\u00e9 lidmi. <\/p>\n\n\n\n<p>Abyste si ji mohli v p\u0159\u00edpad\u011b z\u00e1jmu proj\u00edt \u010di projet i vy, zachr\u00e1nil jsem V\u00e1m trasu jednotliv\u00fdch etap. <\/p>\n\n\n\n<p><\/p>\n\n\n\n<p><strong>Trasy v GPX<\/strong><\/p>\n\n\n\n<div class=\"wp-block-file\"><a href=\"https:\/\/www.yabasta.cz\/klimas\/wp-content\/uploads\/2021\/07\/Trail-Luznice-1A-pramen_Karlstift-Weitra.gpx\">Trail-Luznice-1A-pramen_Karlstift-Weitra<\/a><a href=\"https:\/\/www.yabasta.cz\/klimas\/wp-content\/uploads\/2021\/07\/Trail-Luznice-1A-pramen_Karlstift-Weitra.gpx\" class=\"wp-block-file__button\" download>St\u00e1hnout<\/a><\/div>\n\n\n\n<div class=\"wp-block-file\"><a href=\"https:\/\/www.yabasta.cz\/klimas\/wp-content\/uploads\/2021\/07\/Trail-Luznice-1B-pramen-Karlstift-Weitra.gpx\">Trail-Luznice-1B-pramen-Karlstift-Weitra<\/a><a href=\"https:\/\/www.yabasta.cz\/klimas\/wp-content\/uploads\/2021\/07\/Trail-Luznice-1B-pramen-Karlstift-Weitra.gpx\" class=\"wp-block-file__button\" download>St\u00e1hnout<\/a><\/div>\n\n\n\n<div class=\"wp-block-file\"><a href=\"https:\/\/www.yabasta.cz\/klimas\/wp-content\/uploads\/2021\/07\/Trail-Luznice-2-Weitra-Gmund.gpx\">Trail-Luznice-2-Weitra-Gmund<\/a><a href=\"https:\/\/www.yabasta.cz\/klimas\/wp-content\/uploads\/2021\/07\/Trail-Luznice-2-Weitra-Gmund.gpx\" class=\"wp-block-file__button\" download>St\u00e1hnout<\/a><\/div>\n\n\n\n<div class=\"wp-block-file\"><a href=\"https:\/\/www.yabasta.cz\/klimas\/wp-content\/uploads\/2021\/07\/Trail-Luznice-3-Gmund-Litschau.gpx\">Trail-Luznice-3-Gmund-Litschau<\/a><a href=\"https:\/\/www.yabasta.cz\/klimas\/wp-content\/uploads\/2021\/07\/Trail-Luznice-3-Gmund-Litschau.gpx\" class=\"wp-block-file__button\" download>St\u00e1hnout<\/a><\/div>\n\n\n\n<div class=\"wp-block-file\"><a href=\"https:\/\/www.yabasta.cz\/klimas\/wp-content\/uploads\/2021\/07\/Trail-Luznice-4-Litschau-Chlum.gpx\">Trail-Luznice-4-Litschau-Chlum<\/a><a href=\"https:\/\/www.yabasta.cz\/klimas\/wp-content\/uploads\/2021\/07\/Trail-Luznice-4-Litschau-Chlum.gpx\" class=\"wp-block-file__button\" download>St\u00e1hnout<\/a><\/div>\n\n\n\n<div class=\"wp-block-file\"><a href=\"https:\/\/www.yabasta.cz\/klimas\/wp-content\/uploads\/2021\/07\/Trail-Luznice-5A-Chlum-u-Trebone-Trebon.gpx\">Trail-Luznice-5A-Chlum-u-Trebone-Trebon<\/a><a href=\"https:\/\/www.yabasta.cz\/klimas\/wp-content\/uploads\/2021\/07\/Trail-Luznice-5A-Chlum-u-Trebone-Trebon.gpx\" class=\"wp-block-file__button\" download>St\u00e1hnout<\/a><\/div>\n\n\n\n<div class=\"wp-block-file\"><a href=\"https:\/\/www.yabasta.cz\/klimas\/wp-content\/uploads\/2021\/07\/Trail-Luznice-5B-Chlum-u-Trebone-Stribrec.gpx\">Trail-Luznice-5B-Chlum-u-Trebone-Stribrec<\/a><a href=\"https:\/\/www.yabasta.cz\/klimas\/wp-content\/uploads\/2021\/07\/Trail-Luznice-5B-Chlum-u-Trebone-Stribrec.gpx\" class=\"wp-block-file__button\" download>St\u00e1hnout<\/a><\/div>\n\n\n\n<div class=\"wp-block-file\"><a href=\"https:\/\/www.yabasta.cz\/klimas\/wp-content\/uploads\/2021\/07\/Trail-Luznice-6A-Trebon-Klec.gpx\">Trail-Luznice-6A-Trebon-Klec<\/a><a href=\"https:\/\/www.yabasta.cz\/klimas\/wp-content\/uploads\/2021\/07\/Trail-Luznice-6A-Trebon-Klec.gpx\" class=\"wp-block-file__button\" download>St\u00e1hnout<\/a><\/div>\n\n\n\n<div class=\"wp-block-file\"><a href=\"https:\/\/www.yabasta.cz\/klimas\/wp-content\/uploads\/2021\/07\/Trail-Luznice-6B-Stribrec-Jemcina.gpx\">Trail-Luznice-6B-Stribrec-Jemcina<\/a><a href=\"https:\/\/www.yabasta.cz\/klimas\/wp-content\/uploads\/2021\/07\/Trail-Luznice-6B-Stribrec-Jemcina.gpx\" class=\"wp-block-file__button\" download>St\u00e1hnout<\/a><\/div>\n\n\n\n<div class=\"wp-block-file\"><a href=\"https:\/\/www.yabasta.cz\/klimas\/wp-content\/uploads\/2021\/07\/Trail-Luznice-7A-Klec-Veseli-n.-Luznici.gpx\">Trail-Luznice-7A-Klec-Veseli-n.-Luznici<\/a><a href=\"https:\/\/www.yabasta.cz\/klimas\/wp-content\/uploads\/2021\/07\/Trail-Luznice-7A-Klec-Veseli-n.-Luznici.gpx\" class=\"wp-block-file__button\" download>St\u00e1hnout<\/a><\/div>\n\n\n\n<div class=\"wp-block-file\"><a href=\"https:\/\/www.yabasta.cz\/klimas\/wp-content\/uploads\/2021\/07\/Trail-Luznice-7B-Jemcina-Veseli-nad-Luznici.gpx\">Trail-Luznice-7B-Jemcina-Veseli-nad-Luznici<\/a><a href=\"https:\/\/www.yabasta.cz\/klimas\/wp-content\/uploads\/2021\/07\/Trail-Luznice-7B-Jemcina-Veseli-nad-Luznici.gpx\" class=\"wp-block-file__button\" download>St\u00e1hnout<\/a><\/div>\n\n\n\n<div class=\"wp-block-file\"><a href=\"https:\/\/www.yabasta.cz\/klimas\/wp-content\/uploads\/2021\/07\/Trail-Luznice-8-Veseli-n.-Luznici-Sobeslav.gpx\">Trail-Luznice-8-Veseli-n.-Luznici-Sobeslav<\/a><a href=\"https:\/\/www.yabasta.cz\/klimas\/wp-content\/uploads\/2021\/07\/Trail-Luznice-8-Veseli-n.-Luznici-Sobeslav.gpx\" class=\"wp-block-file__button\" download>St\u00e1hnout<\/a><\/div>\n\n\n\n<div class=\"wp-block-file\"><a href=\"https:\/\/www.yabasta.cz\/klimas\/wp-content\/uploads\/2021\/07\/Trail-Luznice-9-Sobeslav-Choustnik.gpx\">Trail-Luznice-9-Sobeslav-Choustnik<\/a><a href=\"https:\/\/www.yabasta.cz\/klimas\/wp-content\/uploads\/2021\/07\/Trail-Luznice-9-Sobeslav-Choustnik.gpx\" class=\"wp-block-file__button\" download>St\u00e1hnout<\/a><\/div>\n\n\n\n<div class=\"wp-block-file\"><a href=\"https:\/\/www.yabasta.cz\/klimas\/wp-content\/uploads\/2021\/07\/Trail-Luznice-10-Choustnik-Tabor.gpx\">Trail-Luznice-10-Choustnik-Tabor<\/a><a href=\"https:\/\/www.yabasta.cz\/klimas\/wp-content\/uploads\/2021\/07\/Trail-Luznice-10-Choustnik-Tabor.gpx\" class=\"wp-block-file__button\" download>St\u00e1hnout<\/a><\/div>\n\n\n\n<div class=\"wp-block-file\"><a href=\"https:\/\/www.yabasta.cz\/klimas\/wp-content\/uploads\/2021\/07\/Trail-Luznice-11-Tabor-Dobronice.gpx\">Trail-Luznice-11-Tabor-Dobronice<\/a><a href=\"https:\/\/www.yabasta.cz\/klimas\/wp-content\/uploads\/2021\/07\/Trail-Luznice-11-Tabor-Dobronice.gpx\" class=\"wp-block-file__button\" download>St\u00e1hnout<\/a><\/div>\n\n\n\n<div class=\"wp-block-file\"><a href=\"https:\/\/www.yabasta.cz\/klimas\/wp-content\/uploads\/2021\/07\/Trail-Luznice-12-Dobronice-Bechyne.gpx\">Trail-Luznice-12-Dobronice-Bechyne<\/a><a href=\"https:\/\/www.yabasta.cz\/klimas\/wp-content\/uploads\/2021\/07\/Trail-Luznice-12-Dobronice-Bechyne.gpx\" class=\"wp-block-file__button\" download>St\u00e1hnout<\/a><\/div>\n\n\n\n<div class=\"wp-block-file\"><a href=\"https:\/\/www.yabasta.cz\/klimas\/wp-content\/uploads\/2021\/07\/Trail-Luznice-13-Bechyne-soutok.gpx\">Trail-Luznice-13-Bechyne-soutok<\/a><a href=\"https:\/\/www.yabasta.cz\/klimas\/wp-content\/uploads\/2021\/07\/Trail-Luznice-13-Bechyne-soutok.gpx\" class=\"wp-block-file__button\" download>St\u00e1hnout<\/a><\/div>\n\n\n\n<p><strong>Trasy v mapy.cz<\/strong><\/p>\n\n\n\n<p>Trasy si m\u016f\u017eete otev\u0159\u00edt t\u00e9\u017e ulo\u017een\u00e9 v <a rel=\"noreferrer noopener\" href=\"https:\/\/mapy.cz\/s\/bototujuke\" target=\"_blank\">nejlep\u0161\u00ed mapov\u00e9 aplikaci mapy.cz<\/a><\/p>\n\n\n\n<p><strong>Trasa na cykloserver.cz<\/strong><\/p>\n\n\n\n<p>Celou trasu st\u00e1le m\u016f\u017eete nal\u00e9zt zna\u010denou  velk\u00fdm \u017elut\u00fdm <img loading=\"lazy\" decoding=\"async\" width=\"20\" height=\"21\" class=\"wp-image-6630\" style=\"width: 20px;\" src=\"https:\/\/www.yabasta.cz\/klimas\/wp-content\/uploads\/2021\/07\/stezka-podel-luznice-znacka-ico.jpg\" alt=\"\"> na map\u011b <a rel=\"noreferrer noopener\" href=\"http:\/\/www.cykloserver.cz\/cykloatlas\/#pos=48.598238P14.753544P15@b=2\" target=\"_blank\">cykloserver.cz<\/a><\/p>\n\n\n\n<p><strong>Trasy ti\u0161t\u011bn\u00e9<\/strong><\/p>\n\n\n\n<p>Po dlouh\u00e9m p\u00e1tr\u00e1n\u00ed (no sp\u00ed\u0161 n\u00e1hodou, p\u0159i p\u0159\u00edprav\u011b t\u00e9to str\u00e1nky) jsem na\u0161el alespo\u0148 <a rel=\"noreferrer noopener\" href=\"https:\/\/eshop.kct.cz\/pruvodce\/\" target=\"_blank\">ti\u0161t\u011bn\u00e9ho pr\u016fvodce od K\u010cT<\/a>. <\/p>\n\n\n\n<p><\/p>\n\n\n\n<p><\/p>\n\n\n\n<p>Zaj\u00edmavost\u00ed je, \u017ee p\u016fvodn\u00ed str\u00e1nky v\u016fbec \u017e\u00e1dn\u00e9 GPX trasy nem\u011bly, pouze slovn\u00ed popis trasy. A\u017e moje \u0161ikovn\u00e1 \u017eena na\u0161la, \u017ee jsou trasy graficky zaneseny na cykloserveru. GPX jsem tvo\u0159il ru\u010dn\u011b na mapy.cz.<\/p>\n\n\n\n<p><strong>Trasy v rakousk\u00e9 \u010d\u00e1sti<\/strong><\/p>\n\n\n\n<p>Informace o rakousk\u00e9 \u010d\u00e1sti pod jm\u00e9nem &#8222;Der Weg entlang der Lainsitz&#8220; najdete na str\u00e1nk\u00e1ch <a href=\"https:\/\/www.waldviertel.at\/cs\/a-der-weg-entlang-der-lainsitz\" target=\"_blank\" rel=\"noreferrer noopener\">waldviertel.at<\/a><\/p>\n\n\n\n<p>Pravdou je, \u017ee v Rakousku se sta\u010d\u00ed dostavit na start a pak je cel\u00e1 trasa naprosto luxusn\u011b zna\u010den\u00e1 cedulkami s velk\u00fdm \u017elut\u00fdm <img loading=\"lazy\" decoding=\"async\" width=\"20\" height=\"21\" class=\"wp-image-6630\" style=\"width: 20px;\" src=\"https:\/\/www.yabasta.cz\/klimas\/wp-content\/uploads\/2021\/07\/stezka-podel-luznice-znacka-ico.jpg\" alt=\"\">, tak\u017ee na mapu (a\u0165 ji\u017e pap\u00edrovou, nebo ti\u0161t\u011bnou) nemus\u00edte prakticky v\u016fbec s\u00e1hnout. V \u010cech\u00e1ch pak trasy vedou po turistick\u00fdch zna\u010dk\u00e1ch, ale minim\u00e1ln\u011b z\u00e1kladn\u00ed navigaci &#8222;po kter\u00e9&#8220; zde pot\u0159ebovat budete.<\/p>\n","protected":false},"excerpt":{"rendered":"<p>Modern\u00ed d\u00e1lkov\u00e1 stezka, 230 km dlouh\u00e1 trasa, stezka, po kter\u00e9 se slehla zem.. &#8222;Projekt modern\u00ed d\u00e1lkov\u00e9 p\u011b\u0161\u00ed turistick\u00e9 trasy \u201eStezka pod\u00e9l Lu\u017enice n\u00e1s spojuje\u201c vznikl jako v\u00fdsledek \u010desko-rakousk\u00e9 spolupr\u00e1ce. Trasa je dlouh\u00e1 230 km, vede pod\u00e9l \u0159eky Lu\u017enice od pramene u rakousk\u00e9 obce Karlstift p\u0159es m\u011bsta Weitra, Gm\u00fcnd a Litschau, p\u0159ekro\u010d\u00ed hranice do \u010cesk\u00e9 republiky &hellip; <\/p>\n<p class=\"link-more\"><a href=\"https:\/\/www.yabasta.cz\/klimas\/stezka-podel-luznice\/\" class=\"more-link\">Pokra\u010dovat ve \u010dten\u00ed<span class=\"screen-reader-text\"> &#8222;Stezka pod\u00e9l Lu\u017enice&#8220;<\/span><\/a><\/p>\n","protected":false},"author":1,"featured_media":6594,"comment_status":"open","ping_status":"open","sticky":false,"template":"","format":"standard","meta":{"_acf_changed":false,"ngg_post_thumbnail":0,"footnotes":""},"categories":[15],"tags":[244,235,241,226,243,234,238,231,237,230,233,228,229,227,247,246,195,240,245,236,242,225,180,239,232],"class_list":["post-6592","post","type-post","status-publish","format-standard","has-post-thumbnail","hentry","category-expedice-hranice","tag-bechyne","tag-chlum-u-trebone","tag-choustnik","tag-dalkova-turisticka-trasa","tag-dobronice","tag-gmund","tag-jemcina","tag-karlstift","tag-klec","tag-lainsitz","tag-litschau","tag-luznice","tag-mapa","tag-podel-luznice","tag-podel-reky","tag-pramen","tag-reka","tag-sobeslav","tag-soutok","tag-stribrec","tag-tabor","tag-trail-podel-luznice","tag-trebon","tag-veseli-nad-luznici","tag-weitra"],"acf":[],"_links":{"self":[{"href":"https:\/\/www.yabasta.cz\/klimas\/wp-json\/wp\/v2\/posts\/6592","targetHints":{"allow":["GET"]}}],"collection":[{"href":"https:\/\/www.yabasta.cz\/klimas\/wp-json\/wp\/v2\/posts"}],"about":[{"href":"https:\/\/www.yabasta.cz\/klimas\/wp-json\/wp\/v2\/types\/post"}],"author":[{"embeddable":true,"href":"https:\/\/www.yabasta.cz\/klimas\/wp-json\/wp\/v2\/users\/1"}],"replies":[{"embeddable":true,"href":"https:\/\/www.yabasta.cz\/klimas\/wp-json\/wp\/v2\/comments?post=6592"}],"version-history":[{"count":20,"href":"https:\/\/www.yabasta.cz\/klimas\/wp-json\/wp\/v2\/posts\/6592\/revisions"}],"predecessor-version":[{"id":6644,"href":"https:\/\/www.yabasta.cz\/klimas\/wp-json\/wp\/v2\/posts\/6592\/revisions\/6644"}],"wp:featuredmedia":[{"embeddable":true,"href":"https:\/\/www.yabasta.cz\/klimas\/wp-json\/wp\/v2\/media\/6594"}],"wp:attachment":[{"href":"https:\/\/www.yabasta.cz\/klimas\/wp-json\/wp\/v2\/media?parent=6592"}],"wp:term":[{"taxonomy":"category","embeddable":true,"href":"https:\/\/www.yabasta.cz\/klimas\/wp-json\/wp\/v2\/categories?post=6592"},{"taxonomy":"post_tag","embeddable":true,"href":"https:\/\/www.yabasta.cz\/klimas\/wp-json\/wp\/v2\/tags?post=6592"}],"curies":[{"name":"wp","href":"https:\/\/api.w.org\/{rel}","templated":true}]}}