{"id":745,"date":"2014-04-21T22:32:43","date_gmt":"2014-04-21T21:32:43","guid":{"rendered":"http:\/\/www.yabasta.cz\/klimas\/?p=745"},"modified":"2019-11-18T21:05:26","modified_gmt":"2019-11-18T20:05:26","slug":"cundr-expedice-hranice-svor-frydlant-3-4-6-4-2014","status":"publish","type":"post","link":"https:\/\/www.yabasta.cz\/klimas\/cundr-expedice-hranice-svor-frydlant-3-4-6-4-2014\/","title":{"rendered":"Expedice \u010desk\u00e1 hranice, Svor &#8211; Fr\u00fddlant (Lu\u017eick\u00e9 hory)"},"content":{"rendered":"<p>3.4.-6.4.2014 | 68 km Lu\u017eick\u00fdmi horami<\/p>\nngg_shortcode_0_placeholder\n","protected":false},"excerpt":{"rendered":"<p>3.4.-6.4.2014 | 68 km Lu\u017eick\u00fdmi horami<\/p>\n","protected":false},"author":1,"featured_media":855,"comment_status":"open","ping_status":"open","sticky":false,"template":"","format":"standard","meta":{"_acf_changed":false,"ngg_post_thumbnail":0,"footnotes":""},"categories":[177],"tags":[41,17],"class_list":["post-745","post","type-post","status-publish","format-standard","has-post-thumbnail","hentry","category-expedice-ceska-hranice","tag-cundr","tag-expedice-hranice-2"],"acf":[],"_links":{"self":[{"href":"https:\/\/www.yabasta.cz\/klimas\/wp-json\/wp\/v2\/posts\/745","targetHints":{"allow":["GET"]}}],"collection":[{"href":"https:\/\/www.yabasta.cz\/klimas\/wp-json\/wp\/v2\/posts"}],"about":[{"href":"https:\/\/www.yabasta.cz\/klimas\/wp-json\/wp\/v2\/types\/post"}],"author":[{"embeddable":true,"href":"https:\/\/www.yabasta.cz\/klimas\/wp-json\/wp\/v2\/users\/1"}],"replies":[{"embeddable":true,"href":"https:\/\/www.yabasta.cz\/klimas\/wp-json\/wp\/v2\/comments?post=745"}],"version-history":[{"count":5,"href":"https:\/\/www.yabasta.cz\/klimas\/wp-json\/wp\/v2\/posts\/745\/revisions"}],"predecessor-version":[{"id":5125,"href":"https:\/\/www.yabasta.cz\/klimas\/wp-json\/wp\/v2\/posts\/745\/revisions\/5125"}],"wp:featuredmedia":[{"embeddable":true,"href":"https:\/\/www.yabasta.cz\/klimas\/wp-json\/wp\/v2\/media\/855"}],"wp:attachment":[{"href":"https:\/\/www.yabasta.cz\/klimas\/wp-json\/wp\/v2\/media?parent=745"}],"wp:term":[{"taxonomy":"category","embeddable":true,"href":"https:\/\/www.yabasta.cz\/klimas\/wp-json\/wp\/v2\/categories?post=745"},{"taxonomy":"post_tag","embeddable":true,"href":"https:\/\/www.yabasta.cz\/klimas\/wp-json\/wp\/v2\/tags?post=745"}],"curies":[{"name":"wp","href":"https:\/\/api.w.org\/{rel}","templated":true}]}}